{"id":908,"date":"2023-10-11T12:30:02","date_gmt":"2023-10-11T12:30:02","guid":{"rendered":"https:\/\/www.enetsa.ro\/?p=908"},"modified":"2023-10-11T12:31:30","modified_gmt":"2023-10-11T12:31:30","slug":"dezbatere-publica-privind-solicitarea-de-revizuire-a-autorizatiei-integrate-de-mediu","status":"publish","type":"post","link":"https:\/\/www.enetsa.ro\/index.php\/2023\/10\/11\/dezbatere-publica-privind-solicitarea-de-revizuire-a-autorizatiei-integrate-de-mediu\/","title":{"rendered":"Dezbatere public\u0103 privind solicitarea de revizuire a Autoriza\u021biei integrate de mediu"},"content":{"rendered":"\t\t<div data-elementor-type=\"wp-post\" data-elementor-id=\"908\" class=\"elementor elementor-908\">\n\t\t\t\t\t\t\t\t\t<section class=\"elementor-section elementor-top-section elementor-element elementor-element-68979ec elementor-section-boxed elementor-section-height-default elementor-section-height-default\" data-id=\"68979ec\" data-element_type=\"section\">\n\t\t\t\t\t\t<div class=\"elementor-container elementor-column-gap-default\">\n\t\t\t\t\t<div class=\"elementor-column elementor-col-100 elementor-top-column elementor-element elementor-element-12406b2\" data-id=\"12406b2\" data-element_type=\"column\">\n\t\t\t<div class=\"elementor-widget-wrap elementor-element-populated\">\n\t\t\t\t\t\t\t\t<div class=\"elementor-element elementor-element-848deb7 elementor-widget elementor-widget-text-editor\" data-id=\"848deb7\" data-element_type=\"widget\" data-widget_type=\"text-editor.default\">\n\t\t\t\t<div class=\"elementor-widget-container\">\n\t\t\t<style>\/*! elementor - v3.12.1 - 02-04-2023 *\/\n.elementor-widget-text-editor.elementor-drop-cap-view-stacked .elementor-drop-cap{background-color:#69727d;color:#fff}.elementor-widget-text-editor.elementor-drop-cap-view-framed .elementor-drop-cap{color:#69727d;border:3px solid;background-color:transparent}.elementor-widget-text-editor:not(.elementor-drop-cap-view-default) .elementor-drop-cap{margin-top:8px}.elementor-widget-text-editor:not(.elementor-drop-cap-view-default) .elementor-drop-cap-letter{width:1em;height:1em}.elementor-widget-text-editor .elementor-drop-cap{float:left;text-align:center;line-height:1;font-size:50px}.elementor-widget-text-editor .elementor-drop-cap-letter{display:inline-block}<\/style>\t\t\t\t<p><strong>SC ENET SA<\/strong>, cu sediul \u00een municipiul Foc\u0219ani, Bd. Bucure\u0219ti, nr. 4, jude\u021bul Vrancea, anun\u021b\u0103 publicul interesat asupra dezbaterii publice privind solicitarea de revizuire a Autoriza\u021biei integrate de mediu nr. 2\/30.09.20213, revizuite \u00een data de 25.01.2016 \u0219i \u00een data de 04.07.2018, \u00een scopul desf\u0103\u0219ur\u0103rii activit\u0103\u021bii \u00een \u201e<strong><em>Instala\u021bii de ardere cu o putere nominal\u0103 mai mare de 50 MW<\/em><\/strong>\u201d &#8211; coduri CAEN 3511 \u0219i 3530, \u00a0pe amplasamentul din municipiul Foc\u0219ani, Bd. \u00a0Bucure\u0219ti, nr. 4, jude\u021bul Vrancea, activitate prev\u0103zut\u0103 \u00een categoria 1.1 din Anexa 1 a Legii 278\/2013 privind emisiile industriale, care va avea loc <strong>la sediul DIVORI MEDIU EXPERT SRL din municipiul Foc\u0219ani, str. Horia, Clo\u0219ca \u0219i Cri\u0219an, nr. 4, jude\u021bul Vrancea, \u00een data de 24.10.2023, \u00eencep\u00e2nd cu orele 15:00.<\/strong><\/p><p>Informa\u021biile privind impactul asupra mediului rezultat \u00een urma activit\u0103\u021bii desf\u0103\u0219urate, pot fi consultate la sediul SC ENET SA din Foc\u0219ani, Bd. Bucure\u0219ti, nr. 4, jude\u021bul Vrancea \u0219i la sediul APM Vrancea din Foc\u0219ani, str. Dinicu Golescu, nr. 2, jude\u021bul Vrancea, de luni p\u00e2n\u0103 joi \u00eentre orele 08:00-16:00 \u0219i vineri \u00eentre orele 08:00-14:00.<\/p><p>Observa\u021biile, sugestiile, propunerile publicului se primesc \u00een scris la sediul APM Vrancea, str. Dinicu Golescu, nr. 2, p\u00e2n\u0103 la data dezbaterii publice.<\/p>\t\t\t\t\t\t<\/div>\n\t\t\t\t<\/div>\n\t\t\t\t\t<\/div>\n\t\t<\/div>\n\t\t\t\t\t\t\t<\/div>\n\t\t<\/section>\n\t\t\t\t\t\t\t<\/div>\n\t\t","protected":false},"excerpt":{"rendered":"<p>SC ENET SA, cu sediul \u00een municipiul Foc\u0219ani, Bd. Bucure\u0219ti, nr. 4, jude\u021bul Vrancea, anun\u021b\u0103 publicul interesat asupra dezbaterii publice privind solicitarea de revizuire a Autoriza\u021biei integrate de mediu nr. 2\/30.09.20213, revizuite \u00een data de 25.01.2016 \u0219i \u00een data de 04.07.2018, \u00een scopul desf\u0103\u0219ur\u0103rii activit\u0103\u021bii \u00een \u201eInstala\u021bii de ardere cu o putere nominal\u0103 mai mare [&hellip;]<\/p>\n","protected":false},"author":2,"featured_media":909,"comment_status":"closed","ping_status":"open","sticky":false,"template":"","format":"standard","meta":{"footnotes":""},"categories":[3],"tags":[],"class_list":["post-908","post","type-post","status-publish","format-standard","has-post-thumbnail","hentry","category-anunturi-enet-focsani"],"_links":{"self":[{"href":"https:\/\/www.enetsa.ro\/index.php\/wp-json\/wp\/v2\/posts\/908","targetHints":{"allow":["GET"]}}],"collection":[{"href":"https:\/\/www.enetsa.ro\/index.php\/wp-json\/wp\/v2\/posts"}],"about":[{"href":"https:\/\/www.enetsa.ro\/index.php\/wp-json\/wp\/v2\/types\/post"}],"author":[{"embeddable":true,"href":"https:\/\/www.enetsa.ro\/index.php\/wp-json\/wp\/v2\/users\/2"}],"replies":[{"embeddable":true,"href":"https:\/\/www.enetsa.ro\/index.php\/wp-json\/wp\/v2\/comments?post=908"}],"version-history":[{"count":7,"href":"https:\/\/www.enetsa.ro\/index.php\/wp-json\/wp\/v2\/posts\/908\/revisions"}],"predecessor-version":[{"id":916,"href":"https:\/\/www.enetsa.ro\/index.php\/wp-json\/wp\/v2\/posts\/908\/revisions\/916"}],"wp:featuredmedia":[{"embeddable":true,"href":"https:\/\/www.enetsa.ro\/index.php\/wp-json\/wp\/v2\/media\/909"}],"wp:attachment":[{"href":"https:\/\/www.enetsa.ro\/index.php\/wp-json\/wp\/v2\/media?parent=908"}],"wp:term":[{"taxonomy":"category","embeddable":true,"href":"https:\/\/www.enetsa.ro\/index.php\/wp-json\/wp\/v2\/categories?post=908"},{"taxonomy":"post_tag","embeddable":true,"href":"https:\/\/www.enetsa.ro\/index.php\/wp-json\/wp\/v2\/tags?post=908"}],"curies":[{"name":"wp","href":"https:\/\/api.w.org\/{rel}","templated":true}]}}